{"id":458,"date":"2016-01-01T09:05:08","date_gmt":"2016-01-01T09:05:08","guid":{"rendered":"http:\/\/aparteoutsider.org\/?p=458"},"modified":"2016-01-16T17:00:41","modified_gmt":"2016-01-16T17:00:41","slug":"proposta-ao-novo-governo","status":"publish","type":"post","link":"https:\/\/aparteoutsider.org\/?p=458","title":{"rendered":"PROPOSTA AO NOVO GOVERNO"},"content":{"rendered":"<p style=\"text-align: justify;\"><span style=\"color: #ffffff;\"><strong>PROPOSTA APRESENTADA AO GOVERNO E C\u00c2MARA MUNICIPAL DE LISBOA EM MAIO DE 2015<\/strong>\u00a0<\/span><span style=\"color: #ffffff;\">(COM DOCUMENTA\u00c7\u00c3O ANEXA, INCLUINDO OR\u00c7AMENTO E PLANO DE REUTILIZA\u00c7\u00c3O DE IM\u00d3VEIS)<\/span><\/p>\n<p style=\"text-align: justify;\"><span style=\"color: #ffffff;\"><em>PROPOSAL TO EXTEND MIGUEL BOMBARDA OUTSIDER ART AND SCIENCE MUSEUM SUBMITTED TO THE GOVERNMENT AND MAYOR OF LISBON<\/em><\/span><\/p>\n<p style=\"text-align: justify; font-size: 24px; color: #99cc00; font-weight: normal; line-height: 120%; text-shadow: 1px 1px 2px #000000;\">DESENVOLVIMENTO URGENTE DO MUSEU MIGUEL BOMBARDA DE ARTE E CI\u00caNCIA<\/p>\n<p style=\"text-align: justify;\"><span style=\"color: #ffffff;\">UM TESOURO PARA O FUTURO, PRESTIGIANTE PARA O PA\u00cdS<\/span><\/p>\n<p style=\"text-align: justify;\"><span style=\"color: #ffffff;\">UM PATRIM\u00d3NIO EM RISCO, QUE TEM DE SER SALVAGUARDADO<\/span><\/p>\n<p style=\"text-align: justify;\"><span style=\"color: #ffffff;\">O ex Hospital Miguel Bombarda <strong>\u00e9 um patrim\u00f3nio muito raro a n\u00edvel mundial, pela diversidade e qualidade das suas val\u00eancias<\/strong>, que inclui edif\u00edcios vanguardistas, uma das mais antigas cole\u00e7\u00f5es de arte de doentes (c.5000 obras), um not\u00e1vel acervo de fotografia (c.5000), de material cl\u00ednico e de mobili\u00e1rio, al\u00e9m de um precioso e vasto Arquivo, com dezenas de milhares de processos, livros de registo, relat\u00f3rios, correspond\u00eancia, m\u00faltipla documenta\u00e7\u00e3o social, etc, desde 1848.<\/span><\/p>\n<p style=\"text-align: justify;\"><span style=\"color: #ffffff;\">S\u00f3 uma <u>pequen\u00edssima parte<\/u> do acervo est\u00e1 exposto no atual Museu do Hospital, fundado em 2004 (visitado por 40000 pessoas, sobretudo estrangeiros), instalado <u>no Pavilh\u00e3o de Seguran\u00e7a<\/u>, o edif\u00edcio a que os visitantes t\u00eam acesso. O restante acervo e todo o arquivo foram transportados, aquando do encerramento em 2011, para o Hospital J\u00falio de Matos.<\/span><\/p>\n<p style=\"text-align: justify;\"><span style=\"color: #ffffff;\"><strong>Recentemente (DR, 6-10-2014) foi aprovado o processo de Classifica\u00e7\u00e3o do Edif\u00edcio Principal<\/strong>, integrando-o no Conjunto de Interesse P\u00fablico j\u00e1 existente, do Balne\u00e1rio D. Maria II e do Pavilh\u00e3o de Seguran\u00e7a, com todo o recinto inclu\u00eddo na Zona Especial de Prote\u00e7\u00e3o, mas com caracter\u00edsticas por definir\u2026 A Classifica\u00e7\u00e3o \u00e9 uma importante vit\u00f3ria do movimento contra projetos imobili\u00e1rios que s\u00f3 iriam desertificar mais a zona.<\/span><\/p>\n<p style=\"text-align: justify;\"><span style=\"color: #ffffff;\"><strong>A Cultura Portuguesa est\u00e1 perante uma oportunidade que n\u00e3o deve desperdi\u00e7ar. Com efeito, a \u00fanica reutiliza\u00e7\u00e3o para todo o Edif\u00edcio Principal que respeitar\u00e1 a <em>sua <\/em>classifica\u00e7\u00e3o s\u00f3 poder\u00e1 ser a amplia\u00e7\u00e3o do Museu<\/strong>, por manter a identidade hist\u00f3rica do im\u00f3vel e preservar os interiores, em alvenaria, que resistiram ao terramoto.<\/span><\/p>\n<p style=\"text-align: justify;\"><span style=\"color: #ffffff;\"><u>Este patrim\u00f3nio continua em risco e tem de ser salvaguardado<\/u>. <u>Assim, a totalidade do acervo e do arquivo deve regressar ao Hospital, e o Museu deve ser desenvolvido e ampliado a curto prazo<\/u>, sem esperar por novos e dispendiosos projetos arquitect\u00f3nicos e discuss\u00f5es durante anos sobre a Colina de Santana\u2026 enquanto se degrada o patrim\u00f3nio. Seguindo, ali\u00e1s, <u>a Recomenda\u00e7\u00e3o da Assembleia da Rep\u00fablica<\/u> ao Governo sobre o Hospital Miguel Bombarda, aprovada por unanimidade, que indica a valoriza\u00e7\u00e3o dos elementos art\u00edsticos, documentais, cl\u00ednicos e o mobili\u00e1rio <u>a serem mantidos no Hospital<\/u> (Resolu\u00e7\u00e3o n\u00ba 99\/2011 de 6 de Abril, DR, 2-5-2011).<\/span><\/p>\n<p style=\"text-align: justify;\"><span style=\"color: #ffffff;\">Ser\u00e1 um Museu de Arte e Ci\u00eancia, de Arte de Doentes e Outsider, de Ci\u00eancias da Mente e do C\u00e9rebro, de Hist\u00f3ria, Sociologia, e outras, com Centro de Investiga\u00e7\u00e3o, <u>museu de s\u00edtio, com o seu esp\u00edrito de local e recheio muito pr\u00f3prios, e um dos mais representativos a n\u00edvel internacional<\/u>, instalado no Edif\u00edcio Principal e nos pequenos Pavilh\u00e3o de Seguran\u00e7a, Balne\u00e1rio D. Maria II e Laborat\u00f3rio. E com <u>nome do mais prestigiado m\u00e9dico-cientista na sua \u00e9poca<\/u>, que fundou no Hospital um dos primeiros Museus de Arte de Doentes da Europa, e o dirigente m\u00e1ximo da revolu\u00e7\u00e3o republicana.<\/span><\/p>\n<p style=\"text-align: justify;\"><span style=\"color: #ffffff;\">Este <u>Museu inovador e singular<\/u>, com o passado a servir a ci\u00eancia do futuro, n\u00e3o pode ser rejeitado, por ignor\u00e2ncia ou miserabilismo, ou por despeito, como \u00e9 frequente suceder no pa\u00eds. Ao exibir <u>a criativa e fascinante Arte de Doentes de crescente popularidade<\/u> (hoje sem local apropriado de exposi\u00e7\u00e3o em Portugal), <u>promover\u00e1 a sa\u00fade<\/u>, elevando a auto estima, e desmistificando a perturba\u00e7\u00e3o mental, <u>contra o estigma e a discrimina\u00e7\u00e3o<\/u>.<\/span><\/p>\n<p style=\"text-align: justify;\"><span style=\"color: #ffffff;\">O Museu ser\u00e1 aut\u00f3nomo de um poss\u00edvel Museu no Hospital de S. Jos\u00e9, dada a sua especificidade e segundo a tend\u00eancia museol\u00f3gica internacional (anexo), podendo ser tutelado, em modelo a definir, pelo Minist\u00e9rio da Sa\u00fade e pela Secretaria de Estado da Cultura, em eventual parceria com o Munic\u00edpio de Lisboa (que reutilizaria os edif\u00edcios em poste telef\u00f3nico e em U para exposi\u00e7\u00f5es), suportado por verbas da Uni\u00e3o Europeia, a n\u00e3o perder, e de mecenato, e com apoio cient\u00edfico e financeiro de entidades da sociedade civil. A venda seria cancelada pela Estamo-Minist\u00e9rio das Finan\u00e7as ou o Munic\u00edpio permutaria o terreno, como tem efetuado noutras situa\u00e7\u00f5es.<\/span><\/p>\n<p style=\"text-align: justify;\"><span style=\"color: #ffffff;\">O Museu ampliado ser\u00e1 uma institui\u00e7\u00e3o din\u00e2mica, <u>com sustentabilidade financeira demonstrada pelo Or\u00e7amento<\/u> que apresentamos, <u>de turismo cultural<\/u>, nacional e estrangeiro, <u>revitalizador dessa zona hist\u00f3rica<\/u>. E que ser\u00e1 instalado a curto prazo, praticamente sem obras de vulto, mantendo a autenticidade dos interiores, desenvolvendo-se de modo faseado, e sem dispendiosas cenografias expositivas.<\/span><\/p>\n<p style=\"text-align: justify;\"><strong><span style=\"color: #ffffff;\">Solicitamos assim ao Governo e \u00e0 C\u00e2mara Municipal de Lisboa, que, pelo superior interesse nacional, promovam o desenvolvimento urgente do Museu Miguel Bombarda de Arte e Ci\u00eancia, baseado nesta proposta, um muito reduzido investimento em cultura, de elevado efeito econ\u00f3mico multiplicador, e de enorme prest\u00edgio para o pa\u00eds.<\/span><\/strong><\/p>\n<p style=\"text-align: justify;\"><span style=\"color: #ffffff;\">As suas <u>3 componentes museol\u00f3gicas atingir\u00e3o p\u00fablicos alvo diferentes, atraindo portanto um elevado n\u00famero de visitantes<\/u>: 1\u00aa <u>Edif\u00edcios \u00fanicos<\/u> no mundo (o extraordin\u00e1rio Pavilh\u00e3o de Seguran\u00e7a, de 1892-1896, o elegante Balne\u00e1rio D. Maria II, de 1853, a ser restaurado, com o equipamento de hidroterapia original) s\u00f3 por si pe\u00e7as surpreendentes, e <u>locais emblem\u00e1ticos<\/u> (gabinete onde foi assassinado Miguel Bombarda, Sala do Museu de 1898, Sal\u00e3o Nobre com azulejaria barroca, Igreja rocaille c.1738, e outros) de forte atra\u00e7\u00e3o, em visitas guiadas; 2\u00aa No Edif\u00edcio Principal, acervo e <u>exposi\u00e7\u00f5es exclusivamente da exuberante arte de doentes e arte outsider<\/u>, tanto da cole\u00e7\u00e3o do hospital (pintura, azulejos, escultura, poesia e prosa) como das dezenas de ateli\u00eas existentes no <u>pa\u00eds<\/u>, de in\u00e9ditos artistas outsider e de <u>interc\u00e2mbio internacional,<\/u> de crescente ades\u00e3o; 3\u00aa No Edif\u00edcio Principal, acervo e <u>exposi\u00e7\u00f5es sobre sa\u00fade mental, hist\u00f3ria da ci\u00eancia<\/u> e do Hospital, al\u00e9m da cataloga\u00e7\u00e3o e acondicionamento do acervo e do riqu\u00edssimo Arquivo, estes ocupando dois pisos.<\/span><\/p>\n<p style=\"text-align: justify;\"><span style=\"color: #ffffff;\">Existir\u00e3o ainda dois n\u00facleos, um dedicado \u00e0 <u>Congrega\u00e7\u00e3o da Miss\u00e3o de S. Vicente de Paulo<\/u>, que erigiu o edif\u00edcio principal, e outro dedicado \u00e0 <u>implanta\u00e7\u00e3o da Rep\u00fablica<\/u>, que incluir\u00e1 o gabinete do Prof. Bombarda e a sala cont\u00edgua. Funcionar\u00e1 o <u>Centro de Investiga\u00e7\u00e3o,<\/u> com Biblioteca e o Arquivo, de acesso sujeito a marca\u00e7\u00e3o. Imprescind\u00edvel ser\u00e1 uma <u>Galeria<\/u>, junto \u00e0 recep\u00e7\u00e3o, para venda de obras, tamb\u00e9m fonte de receita, um <u>Atelier e Centro de Apoio<\/u> de materiais de arte para autores outsider, confer\u00eancias e workshops, e um servi\u00e7o educativo. Foi elaborado um <u>plano de reutiliza\u00e7\u00e3o<\/u>, minorando despesas com pessoal, um layout das \u00e1reas destinadas \u00e0s diversas funcionalidades.<\/span><\/p>\n<p style=\"text-align: justify; font-size: 11px;\"><span style=\"color: #ffffff;\">Prof. Maria Lu\u00edsa Figueira, Presidente da Sociedade Portuguesa de Psiquiatria e Sa\u00fade Mental<\/span><\/p>\n<p style=\"text-align: justify; font-size: 11px;\"><span style=\"color: #ffffff;\">Prof. Victor Oliveira, Presidente da Sociedade Portuguesa de Neurologia<\/span><\/p>\n<p style=\"text-align: justify; font-size: 11px;\"><span style=\"color: #ffffff;\">Dr. Jo\u00e3o Azevedo e Silva, Presidente da Sociedade Portuguesa de Arte Terapia<\/span><\/p>\n<p style=\"text-align: justify; font-size: 11px;\"><span style=\"color: #ffffff;\">Dr. V\u00edtor Albuquerque Freire, Presidente da Associa\u00e7\u00e3o Portuguesa de Arte Outsider<\/span><\/p>\n<p style=\"text-align: justify; font-size: 11px;\"><span style=\"color: #ffffff;\">Pe. \u00c1lvaro Cunha, Padre Provincial da Congrega\u00e7\u00e3o da Miss\u00e3o de S. Vicente de Paulo<\/span><\/p>\n<p style=\"text-align: justify; font-size: 11px;\"><span style=\"color: #ffffff;\">Movimento de Apoio ao Museu Miguel Bombarda (aparteoutsider@hotmail.com)<\/span><\/p>\n<p style=\"text-align: justify\"><span style=\"color: #ffffff;\">&#8211; Peti\u00e7\u00e3o com 1200 assinaturas manuscritas<\/span><\/p>\n","protected":false},"excerpt":{"rendered":"<p>PROPOSTA APRESENTADA AO GOVERNO E C\u00c2MARA MUNICIPAL DE LISBOA EM MAIO DE 2015\u00a0(COM DOCUMENTA\u00c7\u00c3O ANEXA, INCLUINDO OR\u00c7AMENTO E PLANO DE REUTILIZA\u00c7\u00c3O DE IM\u00d3VEIS) PROPOSAL TO EXTEND MIGUEL BOMBARDA OUTSIDER ART AND SCIENCE MUSEUM SUBMITTED TO THE GOVERNMENT AND MAYOR OF LISBON DESENVOLVIMENTO URGENTE DO MUSEU MIGUEL BOMBARDA DE ARTE E CI\u00caNCIA UM TESOURO PARA O [&#038;hellip<\/p>\n","protected":false},"author":1,"featured_media":0,"comment_status":"closed","ping_status":"open","sticky":false,"template":"","format":"standard","meta":{"ngg_post_thumbnail":0},"categories":[5],"tags":[],"_links":{"self":[{"href":"https:\/\/aparteoutsider.org\/index.php?rest_route=\/wp\/v2\/posts\/458"}],"collection":[{"href":"https:\/\/aparteoutsider.org\/index.php?rest_route=\/wp\/v2\/posts"}],"about":[{"href":"https:\/\/aparteoutsider.org\/index.php?rest_route=\/wp\/v2\/types\/post"}],"author":[{"embeddable":true,"href":"https:\/\/aparteoutsider.org\/index.php?rest_route=\/wp\/v2\/users\/1"}],"replies":[{"embeddable":true,"href":"https:\/\/aparteoutsider.org\/index.php?rest_route=%2Fwp%2Fv2%2Fcomments&post=458"}],"version-history":[{"count":16,"href":"https:\/\/aparteoutsider.org\/index.php?rest_route=\/wp\/v2\/posts\/458\/revisions"}],"predecessor-version":[{"id":487,"href":"https:\/\/aparteoutsider.org\/index.php?rest_route=\/wp\/v2\/posts\/458\/revisions\/487"}],"wp:attachment":[{"href":"https:\/\/aparteoutsider.org\/index.php?rest_route=%2Fwp%2Fv2%2Fmedia&parent=458"}],"wp:term":[{"taxonomy":"category","embeddable":true,"href":"https:\/\/aparteoutsider.org\/index.php?rest_route=%2Fwp%2Fv2%2Fcategories&post=458"},{"taxonomy":"post_tag","embeddable":true,"href":"https:\/\/aparteoutsider.org\/index.php?rest_route=%2Fwp%2Fv2%2Ftags&post=458"}],"curies":[{"name":"wp","href":"https:\/\/api.w.org\/{rel}","templated":true}]}}